{"id":5421,"date":"2014-04-16T17:17:56","date_gmt":"2014-04-16T17:17:56","guid":{"rendered":"http:\/\/www.antoniomachado.net\/sobre-la-catalogacion-de-especies-2\/"},"modified":"2015-09-08T12:30:06","modified_gmt":"2015-09-08T12:30:06","slug":"sobre-la-catalogacion-de-especies","status":"publish","type":"post","link":"https:\/\/www.antoniomachado.net\/es\/sobre-la-catalogacion-de-especies\/","title":{"rendered":"\u00bfESPECIES PROTEGIDAS?"},"content":{"rendered":"<p>El estado de conservaci\u00f3n de todas las especies silvestres nativas de un territorio dado ha de ser evaluado peri\u00f3dicamente a fin de tener criterio para, en su caso, tomar las medidas necesarias que eviten la desaparici\u00f3n y p\u00e9rdida de cualquiera de ellas.<\/p>\n<p>La evaluaci\u00f3n del estado de conservaci\u00f3n de las especies \u2013o algunas de sus subunidades evolutivas independientes\u2013 es un proceso que concluye con una clasificaci\u00f3n de las mismas en (1) aquellas cuya supervivencia no preocupa, (2) aquellas cuya supervivencia est\u00e1 amenazada (en peligro, vulnerables), y (3) aquellas de las que no se tiene suficiente informaci\u00f3n para abordar una evaluaci\u00f3n objetiva. En este proceso es donde se aplican criterios t\u00e9cnicos ya conocidos, como los de la Uni\u00f3n Internacional para la Conservaci\u00f3n de la Naturaleza (UICN), y muy particularmente los que concretan el supuesto tercero. Desafortunadamente, este \u00faltimo se suele pasar por alto con demasiada frecuencia, y ello comporta graves consecuencias.<\/p>\n<p>Clasificadas las especies \u2014de las que se tiene informaci\u00f3n\u2013 seg\u00fan su estado de conservaci\u00f3n, se procede luego y de modo separado a valorar la necesidad de aplicarles un r\u00e9gimen jur\u00eddico espec\u00edfico de \u00ab<span style=\"text-decoration: underline;\">protecci\u00f3n especial\u00bb<\/span>, considerando no solo el estado de conservaci\u00f3n, sino la viabilidad de las medidas requeridas, coste social, factores de oportunidad, etc.<\/p>\n<p>La doctrina conservacionista internacional insiste en la necesidad de separar los dos procesos: primero la evaluaci\u00f3n y luego la protecci\u00f3n; el hacerlo de modo autom\u00e1tico es una fuente de\u00a0 desatinos y problemas anunciados. No tiene por qu\u00e9 haber una correspondencia directa y un\u00edvoca entre la categor\u00eda de amenaza y el nivel de protecci\u00f3n requerido o viable. Especies en estado muy cr\u00edtico pueden salvarse con medidas muy simples, y viceversa; especies poco amenazadas pueden requerir de una protecci\u00f3n muy estricta para no pasar a una situaci\u00f3n comprometida. Ciertamente, el hecho de que tanto para la amenaza como para el nivel de protecci\u00f3n se venga utilizando el mismo t\u00e9rmino (p.ej. vulnerable, en peligro, etc.) induce a la confusi\u00f3n y lo l\u00eda aun m\u00e1s.<\/p>\n<p>Finalmente, las especies seleccionadas se incluyen con el nivel o categor\u00eda de protecci\u00f3n que se considere la m\u00e1s acertada (= necesaria + posible) en el instrumento jur\u00eddico de turno,\u00a0tr\u00e1tese del Listado de Especies Silvestres en R\u00e9gimen de Protecci\u00f3n Especial o del Cat\u00e1logo Canario de Especies Protegidas (antes llamado de \u00abEspecies Amenazadas\u00bb).<\/p>\n<p>Existen cat\u00e1logos maximalistas alejados de las capacidades reales de la sociedad para usarlos como instrumentos de conservaci\u00f3n, que pasan por simples cartas a los Reyes Magos, si no fuese por la incertidumbre jur\u00eddica que generan y el potencial de atropellos que encierran. La mayor\u00eda de los ciudadanos viven ajenos a la existencia de un r\u00e9gimen jur\u00eddico de protecci\u00f3n especial de las especies, hasta que se topan con \u00e9l. Y esto no es bueno para los ciudadanos ni para las especies.<\/p>\n<p>La protecci\u00f3n especial de las especies biol\u00f3gicas implica eventuales limitaciones a los derechos privados de las personas y para ello, en un estado de derecho, debe ampararse en las oportunas garant\u00edas p\u00fablicas. Por tanto, el expediente de cada propuesta de protecci\u00f3n especial (o modificaci\u00f3n, en su caso) con su justificaci\u00f3n deber\u00eda someterse a informaci\u00f3n p\u00fablica antes de poder tramitarse como decreto que formalize la incorporaci\u00f3n (modificaci\u00f3n o exclusi\u00f3n) de la especie en el Cat\u00e1logo o Listado de turno. Cocinar la protecci\u00f3n en cen\u00e1culos tecnocr\u00e1ticos a escondidas de la sociedad es jugar al pierde.<\/p>\n<p>Adem\u00e1s, las incorporaciones y cambios de las especies en el cat\u00e1logo o listado hechas por v\u00eda de ley, hurtan a la ciudadan\u00eda este proceso, dej\u00e1ndolo en manos y a criterio de sus representantes. No veo la necesidad de proceder as\u00ed, ni me parece justificado ni deseable.<\/p>\n<p>Hago estas reflexiones como aviso a navegantes que parecen haber abandonado los remos. Me consta que el actual <em>Cat\u00e1logo canario de especies protegidas<\/em> est\u00e1 minado de especies que no precisan de protecci\u00f3n especial para sobrevivir y que, por tanto, no deber\u00edan estar en \u00e9l. Urge revisar el cat\u00e1logo. Mientras tanto es un arma de doble filo: instrumento \u00fatil para la conservaci\u00f3n, y arsenal de oportunidad para frenar torticeramente lo que se tercie.<\/p>\n","protected":false},"excerpt":{"rendered":"<p>El estado de conservaci\u00f3n de todas las especies silvestres nativas de un territorio dado ha de ser evaluado peri\u00f3dicamente a [&hellip;]<\/p>\n","protected":false},"author":2,"featured_media":3326,"comment_status":"open","ping_status":"open","sticky":false,"template":"","format":"standard","meta":{"footnotes":""},"categories":[211,336],"tags":[],"class_list":["post-5421","post","type-post","status-publish","format-standard","has-post-thumbnail","hentry","category-medioambiente","category-original-en-es"],"yoast_head":"<!-- This site is optimized with the Yoast SEO plugin v27.1.1 - https:\/\/yoast.com\/product\/yoast-seo-wordpress\/ -->\n<title>\u00bfESPECIES PROTEGIDAS? | www.antoniomachado.net<\/title>\n<meta name=\"description\" content=\"El cat\u00e1logo de especies protegidas de Canarias es maximalista y precisa de una revisi\u00f3n t\u00e9cnica, \u00fanica profilaxis frente a problemas anunciados.\" \/>\n<meta name=\"robots\" content=\"index, follow, max-snippet:-1, max-image-preview:large, max-video-preview:-1\" \/>\n<link rel=\"canonical\" href=\"https:\/\/www.antoniomachado.net\/es\/sobre-la-catalogacion-de-especies\/\" \/>\n<meta property=\"og:locale\" content=\"es_ES\" \/>\n<meta property=\"og:type\" content=\"article\" \/>\n<meta property=\"og:title\" content=\"\u00bfESPECIES PROTEGIDAS? | www.antoniomachado.net\" \/>\n<meta property=\"og:description\" content=\"El cat\u00e1logo de especies protegidas de Canarias es maximalista y precisa de una revisi\u00f3n t\u00e9cnica, \u00fanica profilaxis frente a problemas anunciados.\" \/>\n<meta property=\"og:url\" content=\"https:\/\/www.antoniomachado.net\/es\/sobre-la-catalogacion-de-especies\/\" \/>\n<meta property=\"og:site_name\" content=\"www.antoniomachado.net\" \/>\n<meta property=\"article:published_time\" content=\"2014-04-16T17:17:56+00:00\" \/>\n<meta property=\"article:modified_time\" content=\"2015-09-08T12:30:06+00:00\" \/>\n<meta property=\"og:image\" content=\"https:\/\/www.antoniomachado.net\/wp-content\/uploads\/images\/blogimage\/blog-mosquitero.jpg\" \/>\n\t<meta property=\"og:image:width\" content=\"800\" \/>\n\t<meta property=\"og:image:height\" content=\"600\" \/>\n\t<meta property=\"og:image:type\" content=\"image\/jpeg\" \/>\n<meta name=\"author\" content=\"Antonio Machado\" \/>\n<meta name=\"twitter:card\" content=\"summary_large_image\" \/>\n<meta name=\"twitter:creator\" content=\"@laparocerus\" \/>\n<meta name=\"twitter:site\" content=\"@laparocerus\" \/>\n<meta name=\"twitter:label1\" content=\"Escrito por\" \/>\n\t<meta name=\"twitter:data1\" content=\"Antonio Machado\" \/>\n\t<meta name=\"twitter:label2\" content=\"Tiempo de lectura\" \/>\n\t<meta name=\"twitter:data2\" content=\"4 minutos\" \/>\n<script type=\"application\/ld+json\" class=\"yoast-schema-graph\">{\"@context\":\"https:\/\/schema.org\",\"@graph\":[{\"@type\":\"Article\",\"@id\":\"https:\/\/www.antoniomachado.net\/es\/sobre-la-catalogacion-de-especies\/#article\",\"isPartOf\":{\"@id\":\"https:\/\/www.antoniomachado.net\/es\/sobre-la-catalogacion-de-especies\/\"},\"author\":{\"name\":\"Antonio Machado\",\"@id\":\"https:\/\/www.antoniomachado.net\/es\/#\/schema\/person\/20d92b6bd913e6447a4599f0a334fe20\"},\"headline\":\"\u00bfESPECIES PROTEGIDAS?\",\"datePublished\":\"2014-04-16T17:17:56+00:00\",\"dateModified\":\"2015-09-08T12:30:06+00:00\",\"mainEntityOfPage\":{\"@id\":\"https:\/\/www.antoniomachado.net\/es\/sobre-la-catalogacion-de-especies\/\"},\"wordCount\":742,\"commentCount\":0,\"publisher\":{\"@id\":\"https:\/\/www.antoniomachado.net\/es\/#\/schema\/person\/20d92b6bd913e6447a4599f0a334fe20\"},\"image\":{\"@id\":\"https:\/\/www.antoniomachado.net\/es\/sobre-la-catalogacion-de-especies\/#primaryimage\"},\"thumbnailUrl\":\"https:\/\/www.antoniomachado.net\/wp-content\/uploads\/images\/blogimage\/blog-mosquitero.jpg\",\"articleSection\":[\"Medio ambiente\",\"x-original\"],\"inLanguage\":\"es\",\"potentialAction\":[{\"@type\":\"CommentAction\",\"name\":\"Comment\",\"target\":[\"https:\/\/www.antoniomachado.net\/es\/sobre-la-catalogacion-de-especies\/#respond\"]}]},{\"@type\":\"WebPage\",\"@id\":\"https:\/\/www.antoniomachado.net\/es\/sobre-la-catalogacion-de-especies\/\",\"url\":\"https:\/\/www.antoniomachado.net\/es\/sobre-la-catalogacion-de-especies\/\",\"name\":\"\u00bfESPECIES PROTEGIDAS? | www.antoniomachado.net\",\"isPartOf\":{\"@id\":\"https:\/\/www.antoniomachado.net\/es\/#website\"},\"primaryImageOfPage\":{\"@id\":\"https:\/\/www.antoniomachado.net\/es\/sobre-la-catalogacion-de-especies\/#primaryimage\"},\"image\":{\"@id\":\"https:\/\/www.antoniomachado.net\/es\/sobre-la-catalogacion-de-especies\/#primaryimage\"},\"thumbnailUrl\":\"https:\/\/www.antoniomachado.net\/wp-content\/uploads\/images\/blogimage\/blog-mosquitero.jpg\",\"datePublished\":\"2014-04-16T17:17:56+00:00\",\"dateModified\":\"2015-09-08T12:30:06+00:00\",\"description\":\"El cat\u00e1logo de especies protegidas de Canarias es maximalista y precisa de una revisi\u00f3n t\u00e9cnica, \u00fanica profilaxis frente a problemas anunciados.\",\"breadcrumb\":{\"@id\":\"https:\/\/www.antoniomachado.net\/es\/sobre-la-catalogacion-de-especies\/#breadcrumb\"},\"inLanguage\":\"es\",\"potentialAction\":[{\"@type\":\"ReadAction\",\"target\":[\"https:\/\/www.antoniomachado.net\/es\/sobre-la-catalogacion-de-especies\/\"]}]},{\"@type\":\"ImageObject\",\"inLanguage\":\"es\",\"@id\":\"https:\/\/www.antoniomachado.net\/es\/sobre-la-catalogacion-de-especies\/#primaryimage\",\"url\":\"https:\/\/www.antoniomachado.net\/wp-content\/uploads\/images\/blogimage\/blog-mosquitero.jpg\",\"contentUrl\":\"https:\/\/www.antoniomachado.net\/wp-content\/uploads\/images\/blogimage\/blog-mosquitero.jpg\",\"width\":800,\"height\":600},{\"@type\":\"BreadcrumbList\",\"@id\":\"https:\/\/www.antoniomachado.net\/es\/sobre-la-catalogacion-de-especies\/#breadcrumb\",\"itemListElement\":[{\"@type\":\"ListItem\",\"position\":1,\"name\":\"Portada\",\"item\":\"https:\/\/www.antoniomachado.net\/es\/\"},{\"@type\":\"ListItem\",\"position\":2,\"name\":\"\u00bfESPECIES PROTEGIDAS?\"}]},{\"@type\":\"WebSite\",\"@id\":\"https:\/\/www.antoniomachado.net\/es\/#website\",\"url\":\"https:\/\/www.antoniomachado.net\/es\/\",\"name\":\"www.antoniomachado.net\",\"description\":\"Dr. Antonio Machado. Bi\u00f3logo multiuso (Entomolog\u00eda, Conservaci\u00f3n de la Naturaleza, Pol\u00edtica ambiental, etc.) con sede en las islas Canarias\",\"publisher\":{\"@id\":\"https:\/\/www.antoniomachado.net\/es\/#\/schema\/person\/20d92b6bd913e6447a4599f0a334fe20\"},\"potentialAction\":[{\"@type\":\"SearchAction\",\"target\":{\"@type\":\"EntryPoint\",\"urlTemplate\":\"https:\/\/www.antoniomachado.net\/es\/?s={search_term_string}\"},\"query-input\":{\"@type\":\"PropertyValueSpecification\",\"valueRequired\":true,\"valueName\":\"search_term_string\"}}],\"inLanguage\":\"es\"},{\"@type\":[\"Person\",\"Organization\"],\"@id\":\"https:\/\/www.antoniomachado.net\/es\/#\/schema\/person\/20d92b6bd913e6447a4599f0a334fe20\",\"name\":\"Antonio Machado\",\"image\":{\"@type\":\"ImageObject\",\"inLanguage\":\"es\",\"@id\":\"https:\/\/www.antoniomachado.net\/es\/#\/schema\/person\/image\/\",\"url\":\"https:\/\/www.antoniomachado.net\/wp-content\/uploads\/images\/icons\/avatar_antonio-machado-carrillo.png\",\"contentUrl\":\"https:\/\/www.antoniomachado.net\/wp-content\/uploads\/images\/icons\/avatar_antonio-machado-carrillo.png\",\"width\":320,\"height\":417,\"caption\":\"Antonio Machado\"},\"logo\":{\"@id\":\"https:\/\/www.antoniomachado.net\/es\/#\/schema\/person\/image\/\"},\"description\":\"I am based in Tenerife, one of the Canary Islands, and I am crazy about beetles which are my hobby. However, as a multipurpose professional biologist I have been involved in nature conservation and environmental affairs, teaching Ecology, legal drafting, and other more or less related activities.\",\"sameAs\":[\"http:\/\/www.antoniomachado.net\",\"https:\/\/x.com\/laparocerus\"]}]}<\/script>\n<!-- \/ Yoast SEO plugin. -->","yoast_head_json":{"title":"\u00bfESPECIES PROTEGIDAS? | www.antoniomachado.net","description":"El cat\u00e1logo de especies protegidas de Canarias es maximalista y precisa de una revisi\u00f3n t\u00e9cnica, \u00fanica profilaxis frente a problemas anunciados.","robots":{"index":"index","follow":"follow","max-snippet":"max-snippet:-1","max-image-preview":"max-image-preview:large","max-video-preview":"max-video-preview:-1"},"canonical":"https:\/\/www.antoniomachado.net\/es\/sobre-la-catalogacion-de-especies\/","og_locale":"es_ES","og_type":"article","og_title":"\u00bfESPECIES PROTEGIDAS? | www.antoniomachado.net","og_description":"El cat\u00e1logo de especies protegidas de Canarias es maximalista y precisa de una revisi\u00f3n t\u00e9cnica, \u00fanica profilaxis frente a problemas anunciados.","og_url":"https:\/\/www.antoniomachado.net\/es\/sobre-la-catalogacion-de-especies\/","og_site_name":"www.antoniomachado.net","article_published_time":"2014-04-16T17:17:56+00:00","article_modified_time":"2015-09-08T12:30:06+00:00","og_image":[{"width":800,"height":600,"url":"https:\/\/www.antoniomachado.net\/wp-content\/uploads\/images\/blogimage\/blog-mosquitero.jpg","type":"image\/jpeg"}],"author":"Antonio Machado","twitter_card":"summary_large_image","twitter_creator":"@laparocerus","twitter_site":"@laparocerus","twitter_misc":{"Escrito por":"Antonio Machado","Tiempo de lectura":"4 minutos"},"schema":{"@context":"https:\/\/schema.org","@graph":[{"@type":"Article","@id":"https:\/\/www.antoniomachado.net\/es\/sobre-la-catalogacion-de-especies\/#article","isPartOf":{"@id":"https:\/\/www.antoniomachado.net\/es\/sobre-la-catalogacion-de-especies\/"},"author":{"name":"Antonio Machado","@id":"https:\/\/www.antoniomachado.net\/es\/#\/schema\/person\/20d92b6bd913e6447a4599f0a334fe20"},"headline":"\u00bfESPECIES PROTEGIDAS?","datePublished":"2014-04-16T17:17:56+00:00","dateModified":"2015-09-08T12:30:06+00:00","mainEntityOfPage":{"@id":"https:\/\/www.antoniomachado.net\/es\/sobre-la-catalogacion-de-especies\/"},"wordCount":742,"commentCount":0,"publisher":{"@id":"https:\/\/www.antoniomachado.net\/es\/#\/schema\/person\/20d92b6bd913e6447a4599f0a334fe20"},"image":{"@id":"https:\/\/www.antoniomachado.net\/es\/sobre-la-catalogacion-de-especies\/#primaryimage"},"thumbnailUrl":"https:\/\/www.antoniomachado.net\/wp-content\/uploads\/images\/blogimage\/blog-mosquitero.jpg","articleSection":["Medio ambiente","x-original"],"inLanguage":"es","potentialAction":[{"@type":"CommentAction","name":"Comment","target":["https:\/\/www.antoniomachado.net\/es\/sobre-la-catalogacion-de-especies\/#respond"]}]},{"@type":"WebPage","@id":"https:\/\/www.antoniomachado.net\/es\/sobre-la-catalogacion-de-especies\/","url":"https:\/\/www.antoniomachado.net\/es\/sobre-la-catalogacion-de-especies\/","name":"\u00bfESPECIES PROTEGIDAS? | www.antoniomachado.net","isPartOf":{"@id":"https:\/\/www.antoniomachado.net\/es\/#website"},"primaryImageOfPage":{"@id":"https:\/\/www.antoniomachado.net\/es\/sobre-la-catalogacion-de-especies\/#primaryimage"},"image":{"@id":"https:\/\/www.antoniomachado.net\/es\/sobre-la-catalogacion-de-especies\/#primaryimage"},"thumbnailUrl":"https:\/\/www.antoniomachado.net\/wp-content\/uploads\/images\/blogimage\/blog-mosquitero.jpg","datePublished":"2014-04-16T17:17:56+00:00","dateModified":"2015-09-08T12:30:06+00:00","description":"El cat\u00e1logo de especies protegidas de Canarias es maximalista y precisa de una revisi\u00f3n t\u00e9cnica, \u00fanica profilaxis frente a problemas anunciados.","breadcrumb":{"@id":"https:\/\/www.antoniomachado.net\/es\/sobre-la-catalogacion-de-especies\/#breadcrumb"},"inLanguage":"es","potentialAction":[{"@type":"ReadAction","target":["https:\/\/www.antoniomachado.net\/es\/sobre-la-catalogacion-de-especies\/"]}]},{"@type":"ImageObject","inLanguage":"es","@id":"https:\/\/www.antoniomachado.net\/es\/sobre-la-catalogacion-de-especies\/#primaryimage","url":"https:\/\/www.antoniomachado.net\/wp-content\/uploads\/images\/blogimage\/blog-mosquitero.jpg","contentUrl":"https:\/\/www.antoniomachado.net\/wp-content\/uploads\/images\/blogimage\/blog-mosquitero.jpg","width":800,"height":600},{"@type":"BreadcrumbList","@id":"https:\/\/www.antoniomachado.net\/es\/sobre-la-catalogacion-de-especies\/#breadcrumb","itemListElement":[{"@type":"ListItem","position":1,"name":"Portada","item":"https:\/\/www.antoniomachado.net\/es\/"},{"@type":"ListItem","position":2,"name":"\u00bfESPECIES PROTEGIDAS?"}]},{"@type":"WebSite","@id":"https:\/\/www.antoniomachado.net\/es\/#website","url":"https:\/\/www.antoniomachado.net\/es\/","name":"www.antoniomachado.net","description":"Dr. Antonio Machado. Bi\u00f3logo multiuso (Entomolog\u00eda, Conservaci\u00f3n de la Naturaleza, Pol\u00edtica ambiental, etc.) con sede en las islas Canarias","publisher":{"@id":"https:\/\/www.antoniomachado.net\/es\/#\/schema\/person\/20d92b6bd913e6447a4599f0a334fe20"},"potentialAction":[{"@type":"SearchAction","target":{"@type":"EntryPoint","urlTemplate":"https:\/\/www.antoniomachado.net\/es\/?s={search_term_string}"},"query-input":{"@type":"PropertyValueSpecification","valueRequired":true,"valueName":"search_term_string"}}],"inLanguage":"es"},{"@type":["Person","Organization"],"@id":"https:\/\/www.antoniomachado.net\/es\/#\/schema\/person\/20d92b6bd913e6447a4599f0a334fe20","name":"Antonio Machado","image":{"@type":"ImageObject","inLanguage":"es","@id":"https:\/\/www.antoniomachado.net\/es\/#\/schema\/person\/image\/","url":"https:\/\/www.antoniomachado.net\/wp-content\/uploads\/images\/icons\/avatar_antonio-machado-carrillo.png","contentUrl":"https:\/\/www.antoniomachado.net\/wp-content\/uploads\/images\/icons\/avatar_antonio-machado-carrillo.png","width":320,"height":417,"caption":"Antonio Machado"},"logo":{"@id":"https:\/\/www.antoniomachado.net\/es\/#\/schema\/person\/image\/"},"description":"I am based in Tenerife, one of the Canary Islands, and I am crazy about beetles which are my hobby. However, as a multipurpose professional biologist I have been involved in nature conservation and environmental affairs, teaching Ecology, legal drafting, and other more or less related activities.","sameAs":["http:\/\/www.antoniomachado.net","https:\/\/x.com\/laparocerus"]}]}},"_links":{"self":[{"href":"https:\/\/www.antoniomachado.net\/es\/wp-json\/wp\/v2\/posts\/5421","targetHints":{"allow":["GET"]}}],"collection":[{"href":"https:\/\/www.antoniomachado.net\/es\/wp-json\/wp\/v2\/posts"}],"about":[{"href":"https:\/\/www.antoniomachado.net\/es\/wp-json\/wp\/v2\/types\/post"}],"author":[{"embeddable":true,"href":"https:\/\/www.antoniomachado.net\/es\/wp-json\/wp\/v2\/users\/2"}],"replies":[{"embeddable":true,"href":"https:\/\/www.antoniomachado.net\/es\/wp-json\/wp\/v2\/comments?post=5421"}],"version-history":[{"count":0,"href":"https:\/\/www.antoniomachado.net\/es\/wp-json\/wp\/v2\/posts\/5421\/revisions"}],"wp:featuredmedia":[{"embeddable":true,"href":"https:\/\/www.antoniomachado.net\/es\/wp-json\/wp\/v2\/media\/3326"}],"wp:attachment":[{"href":"https:\/\/www.antoniomachado.net\/es\/wp-json\/wp\/v2\/media?parent=5421"}],"wp:term":[{"taxonomy":"category","embeddable":true,"href":"https:\/\/www.antoniomachado.net\/es\/wp-json\/wp\/v2\/categories?post=5421"},{"taxonomy":"post_tag","embeddable":true,"href":"https:\/\/www.antoniomachado.net\/es\/wp-json\/wp\/v2\/tags?post=5421"}],"curies":[{"name":"wp","href":"https:\/\/api.w.org\/{rel}","templated":true}]}}